{"id":143,"__str__":"Indica\u00e7\u00e3o n\u00ba 30 de 2021","link_detail_backend":"/materia/143","metadata":{},"numero":30,"ano":2021,"numero_protocolo":null,"data_apresentacao":"2021-05-24","tipo_apresentacao":"E","data_publicacao":null,"numero_origem_externa":"","ano_origem_externa":null,"data_origem_externa":null,"apelido":"","dias_prazo":null,"data_fim_prazo":null,"em_tramitacao":true,"polemica":false,"objeto":"","complementar":false,"ementa":"Indico ao Senhor Prefeito Municipal, para que tome as devidas provid\u00eancias no sentido de realizar as benfeitorias necess\u00e1rias com rela\u00e7\u00e3o \u00e0 acessibilidade nas ruas e pr\u00e9dios p\u00fablicos de nossa cidade, bem como os banheiros p\u00fablicos de Pra\u00e7as e da Prainha Municipal facilitando ao m\u00e1ximo o acesso aos portadores de necessidade especiais.","indexacao":"","observacao":"","resultado":"","texto_original":null,"data_ultima_atualizacao":"2021-05-21T09:45:03.561747-03:00","ip":"189.50.105.106","ultima_edicao":"2021-05-21T09:41:38.312962-03:00","tipo":13,"regime_tramitacao":1,"tipo_origem_externa":null,"local_origem_externa":null,"user":4,"anexadas":[],"autores":[50]}