{"id":147,"__str__":"Mo\u00e7\u00e3o n\u00ba 7 de 2021","link_detail_backend":"/materia/147","metadata":{},"numero":7,"ano":2021,"numero_protocolo":null,"data_apresentacao":"2021-05-21","tipo_apresentacao":"E","data_publicacao":null,"numero_origem_externa":"","ano_origem_externa":null,"data_origem_externa":null,"apelido":"","dias_prazo":null,"data_fim_prazo":null,"em_tramitacao":true,"polemica":false,"objeto":"","complementar":false,"ementa":"Requeiro, ouvida a Casa e dispensadas \u00e0s formalidades regimentais, seja consignado em ata votos de congratula\u00e7\u00f5es para com o Dr.Rafael Aguillar Silva, M\u00e9dico Pediatra de nossa cidade, pelo excelente trabalho e o cuidado com nossas crian\u00e7as, e principalmente pela aten\u00e7\u00e3o destinada as m\u00e3es.","indexacao":"","observacao":"","resultado":"","texto_original":null,"data_ultima_atualizacao":"2021-05-21T10:21:32.734197-03:00","ip":"189.50.105.106","ultima_edicao":"2021-05-21T09:58:01.598664-03:00","tipo":15,"regime_tramitacao":1,"tipo_origem_externa":null,"local_origem_externa":null,"user":4,"anexadas":[],"autores":[9]}